{"id":33997,"date":"2024-07-25T16:23:08","date_gmt":"2024-07-25T20:23:08","guid":{"rendered":"https:\/\/www.diabete.qc.ca\/?p=33997"},"modified":"2024-07-25T16:25:14","modified_gmt":"2024-07-25T20:25:14","slug":"interview-with-dr-remi-rabasa-lhoret-on-98-5-fm","status":"publish","type":"post","link":"https:\/\/www.diabete.qc.ca\/en\/news\/interview-with-dr-remi-rabasa-lhoret-on-98-5-fm\/","title":{"rendered":"Interview with Dr. R\u00e9mi Rabasa-Lhoret on 98.5 fm"},"content":{"rendered":"\n<p>We invite you to listen to the interview entitled \u201cComment vivre avec le diab\u00e8te ?\u201d (How to live with diabetes?) given by Dr. R\u00e9mi Rabasa-Lhoret, President of the Professional Council of Diabetes Qu\u00e9bec, on the 98.5 fm &#8220;L&#8217;effet Lavall\u00e9e&#8221; program.<\/p>\n\n\n\n<div class=\"wp-block-buttons is-layout-flex wp-block-buttons-is-layout-flex\">\n<div class=\"wp-block-button\"><a class=\"wp-block-button__link wp-element-button\" href=\"https:\/\/www.985fm.ca\/audio\/638321\/comment-vivre-avec-le-diabete\" target=\"_blank\" rel=\"noreferrer noopener\">Click here to listen to the interview (in French only)<\/a><\/div>\n<\/div>\n\n\n\n<p><\/p>\n","protected":false},"excerpt":{"rendered":"<p>We invite you to listen to the interview entitled \u201cComment vivre avec le diab\u00e8te ?\u201d (How to live with diabetes?) given by Dr. R\u00e9mi Rabasa-Lhoret, President of the Professional Council of Diabetes Qu\u00e9bec, on the 98.5 fm &#8220;L&#8217;effet Lavall\u00e9e&#8221; program.<\/p>\n","protected":false},"author":5,"featured_media":34010,"comment_status":"closed","ping_status":"open","sticky":false,"template":"","format":"standard","meta":{"_acf_changed":false,"_relevanssi_hide_post":"","_relevanssi_hide_content":"","_relevanssi_pin_for_all":"","_relevanssi_pin_keywords":"","_relevanssi_unpin_keywords":"","_relevanssi_related_keywords":"","_relevanssi_related_include_ids":"","_relevanssi_related_exclude_ids":"","_relevanssi_related_no_append":"","_relevanssi_related_not_related":"","_relevanssi_related_posts":"24555,24554,32529,194,24589,24540","_relevanssi_noindex_reason":"","footnotes":""},"categories":[151],"tags":[],"class_list":["post-33997","post","type-post","status-publish","format-standard","has-post-thumbnail","hentry","category-news-en"],"acf":[],"_links":{"self":[{"href":"https:\/\/www.diabete.qc.ca\/en\/wp-json\/wp\/v2\/posts\/33997","targetHints":{"allow":["GET"]}}],"collection":[{"href":"https:\/\/www.diabete.qc.ca\/en\/wp-json\/wp\/v2\/posts"}],"about":[{"href":"https:\/\/www.diabete.qc.ca\/en\/wp-json\/wp\/v2\/types\/post"}],"author":[{"embeddable":true,"href":"https:\/\/www.diabete.qc.ca\/en\/wp-json\/wp\/v2\/users\/5"}],"replies":[{"embeddable":true,"href":"https:\/\/www.diabete.qc.ca\/en\/wp-json\/wp\/v2\/comments?post=33997"}],"version-history":[{"count":3,"href":"https:\/\/www.diabete.qc.ca\/en\/wp-json\/wp\/v2\/posts\/33997\/revisions"}],"predecessor-version":[{"id":34012,"href":"https:\/\/www.diabete.qc.ca\/en\/wp-json\/wp\/v2\/posts\/33997\/revisions\/34012"}],"wp:featuredmedia":[{"embeddable":true,"href":"https:\/\/www.diabete.qc.ca\/en\/wp-json\/wp\/v2\/media\/34010"}],"wp:attachment":[{"href":"https:\/\/www.diabete.qc.ca\/en\/wp-json\/wp\/v2\/media?parent=33997"}],"wp:term":[{"taxonomy":"category","embeddable":true,"href":"https:\/\/www.diabete.qc.ca\/en\/wp-json\/wp\/v2\/categories?post=33997"},{"taxonomy":"post_tag","embeddable":true,"href":"https:\/\/www.diabete.qc.ca\/en\/wp-json\/wp\/v2\/tags?post=33997"}],"curies":[{"name":"wp","href":"https:\/\/api.w.org\/{rel}","templated":true}]}}